


























{"id":1757,"date":"2015-02-17T12:16:01","date_gmt":"2015-02-17T12:16:01","guid":{"rendered":"http:\/\/ortzadar.es\/?p=1757"},"modified":"2015-02-17T12:16:01","modified_gmt":"2015-02-17T12:16:01","slug":"parques-naturales-de-alava","status":"publish","type":"post","link":"https:\/\/ortzadar.es\/es\/parques-naturales-de-alava\/","title":{"rendered":"Parques Naturales de \u00c1lava"},"content":{"rendered":"<p>Desde finales del pasado a\u00f1o 2014, los Parques Naturales de este territorio cuentan con un nuevo servicio: a los Parketxeas o casas del parque de Valderejo (ubicado en Lalastra), Gorbeia (en Sarria) e Izki (situado en Korres) se incorpora con el mismo horario de atenci\u00f3n al p\u00fablico el Parketxea del Parque Natural de Aizkorri-Aratz, ubicado en el n\u00facleo urbano de Araia.<\/p>\n<p>Esta es la principal novedad en el servicio de control, vigilancia y atenci\u00f3n al p\u00fablico en los Parques Naturales de \u00c1lava que la Diputaci\u00f3n Foral ha sacado a licitaci\u00f3n p\u00fablica y ha sido adjudicado a finales del pasado a\u00f1o 2014 a la Uni\u00f3n Temporal de las empresas Ortzadar S.L. y Ondare Babesa S.L.<\/p>\n<p><b>Una Alianza estrat\u00e9gica<\/b><\/p>\n<p>La UTE de estas dos empresas se ha ideado y puesto en marcha pensando en el mayor\u00a0 beneficio para el servicio encomendado, pues se plantea\u00a0 el patrimonio natural y cultural como un s\u00f3lo \u00e1mbito de conocimiento. Para ello, a la gran experiencia de Ortzadar en el campo de la gesti\u00f3n de programas y equipamientos de Medio Ambiente, se une el amplio conocimiento y trabajo de campo en materia de patrimonio cultural que Ondare realiza fundamentalmente en el territorio alav\u00e9s.<\/p>\n","protected":false},"excerpt":{"rendered":"<p>Desde finales del pasado a\u00f1o 2014, los Parques Naturales de este territorio cuentan con un nuevo servicio: a los Parketxeas o casas del parque de Valderejo (ubicado en Lalastra), Gorbeia (en Sarria) e Izki (situado en Korres) se incorpora con el mismo horario de atenci\u00f3n [&hellip;]<\/p>\n","protected":false},"author":4,"featured_media":1759,"comment_status":"open","ping_status":"open","sticky":false,"template":"","format":"standard","meta":{"footnotes":""},"categories":[1],"tags":[],"class_list":["post-1757","post","type-post","status-publish","format-standard","has-post-thumbnail","hentry","category-sin-categoria"],"_links":{"self":[{"href":"https:\/\/ortzadar.es\/es\/wp-json\/wp\/v2\/posts\/1757","targetHints":{"allow":["GET"]}}],"collection":[{"href":"https:\/\/ortzadar.es\/es\/wp-json\/wp\/v2\/posts"}],"about":[{"href":"https:\/\/ortzadar.es\/es\/wp-json\/wp\/v2\/types\/post"}],"author":[{"embeddable":true,"href":"https:\/\/ortzadar.es\/es\/wp-json\/wp\/v2\/users\/4"}],"replies":[{"embeddable":true,"href":"https:\/\/ortzadar.es\/es\/wp-json\/wp\/v2\/comments?post=1757"}],"version-history":[{"count":2,"href":"https:\/\/ortzadar.es\/es\/wp-json\/wp\/v2\/posts\/1757\/revisions"}],"predecessor-version":[{"id":1761,"href":"https:\/\/ortzadar.es\/es\/wp-json\/wp\/v2\/posts\/1757\/revisions\/1761"}],"wp:featuredmedia":[{"embeddable":true,"href":"https:\/\/ortzadar.es\/es\/wp-json\/wp\/v2\/media\/1759"}],"wp:attachment":[{"href":"https:\/\/ortzadar.es\/es\/wp-json\/wp\/v2\/media?parent=1757"}],"wp:term":[{"taxonomy":"category","embeddable":true,"href":"https:\/\/ortzadar.es\/es\/wp-json\/wp\/v2\/categories?post=1757"},{"taxonomy":"post_tag","embeddable":true,"href":"https:\/\/ortzadar.es\/es\/wp-json\/wp\/v2\/tags?post=1757"}],"curies":[{"name":"wp","href":"https:\/\/api.w.org\/{rel}","templated":true}]}}