


























{"id":1771,"date":"2015-02-23T15:22:01","date_gmt":"2015-02-23T15:22:01","guid":{"rendered":"http:\/\/ortzadar.es\/?p=1771"},"modified":"2016-01-15T09:36:12","modified_gmt":"2016-01-15T08:36:12","slug":"premios-aztertu-2014-3","status":"publish","type":"post","link":"https:\/\/ortzadar.es\/es\/premios-aztertu-2014-3\/","title":{"rendered":"EMANALDIA 2015"},"content":{"rendered":"<p>La Consejera de Medio Ambiente y Pol\u00edtica territorial del Gobierno Vasco, <b>Ana Oregi<\/b>, entreg\u00f3 el pasado 7 de febrero los premios Aztertu 2014 en el Aquarium de Donostia. El acto, que cont\u00f3 adem\u00e1s con la presencia de la Directora de Medio Natural y Planificaci\u00f3n Ambiental del Gobierno Vasco, Amaia Barredo, y con el presidente y la directora del Aquarium, Vicente Zarag\u00fceta, y Esther Irigarai, estuvo acompa\u00f1ado por cerca de 150 personas entre estudiantes, profesorado y familias.<\/p>\n<p>Durante este acto, organizado por ORTZADAR .SL., se entregaron los premios a las 16 personas ganadoras de las distintas categor\u00edas de los concursos de fotograf\u00eda y dibujo de las campa\u00f1as de azterkosta e ibaialde. Adem\u00e1s, 2 centros recibieron un galard\u00f3n especial, uno por su larga participaci\u00f3n en las campa\u00f1as y otro como ganador en el III.Ekinaren astea.<\/p>\n<p>\u201cSois vosotros -indic\u00f3 Ana Oregi a las personas presentes &#8211; quienes m\u00e1s vais a disfrutar de esos r\u00edos, aguas y costas que ya conoc\u00e9is bien y de los que sab\u00e9is, gracias a vuestros trabajos y estudios, qu\u00e9 les puede afectar y c\u00f3mo se pueden cuidar y mantener en buenas condiciones\u201d<\/p>\n<p>El programa AZTERTU se inici\u00f3 en la Comunidad Aut\u00f3noma Vasca en 1992 bajo el nombre de Azterkosta como una adaptaci\u00f3n del programa europeo de educaci\u00f3n ambiental sobre el litoral \u201cCOASTWATCH\u201d y posteriormente fue cumplimentado con Ibaialde, con el fin de poder estudiar la situaci\u00f3n de los r\u00edos del Pa\u00eds Vasco. Aztertu ofrece la oportunidad de realizar valoraciones generales sobre el estado de la costa y los r\u00edos de Euskadi, aportar opiniones e ideas, detectar problemas, proponer \u00e1reas cuya conservaci\u00f3n se considere interesante y trabajar para conocer y mejorar el entorno, a la vez que permite participar en un concurso con diferentes modalidades y categor\u00edas en el que los y las\u00a0 j\u00f3venes expresan lo que ven y sienten sobre el entorno.<\/p>\n<p>A lo largo del acto el p\u00fablico pudo adem\u00e1s disfrutar de distintas actuaciones y visitar al finalizar el Aquarium.<\/p>\n","protected":false},"excerpt":{"rendered":"<p>La Consejera de Medio Ambiente y Pol\u00edtica territorial del Gobierno Vasco, Ana Oregi, entreg\u00f3 el pasado 7 de febrero los premios Aztertu 2014 en el Aquarium de Donostia. El acto, que cont\u00f3 adem\u00e1s con la presencia de la Directora de Medio Natural y Planificaci\u00f3n Ambiental [&hellip;]<\/p>\n","protected":false},"author":4,"featured_media":1766,"comment_status":"open","ping_status":"open","sticky":false,"template":"","format":"standard","meta":{"footnotes":""},"categories":[1],"tags":[],"class_list":["post-1771","post","type-post","status-publish","format-standard","has-post-thumbnail","hentry","category-sin-categoria"],"_links":{"self":[{"href":"https:\/\/ortzadar.es\/es\/wp-json\/wp\/v2\/posts\/1771","targetHints":{"allow":["GET"]}}],"collection":[{"href":"https:\/\/ortzadar.es\/es\/wp-json\/wp\/v2\/posts"}],"about":[{"href":"https:\/\/ortzadar.es\/es\/wp-json\/wp\/v2\/types\/post"}],"author":[{"embeddable":true,"href":"https:\/\/ortzadar.es\/es\/wp-json\/wp\/v2\/users\/4"}],"replies":[{"embeddable":true,"href":"https:\/\/ortzadar.es\/es\/wp-json\/wp\/v2\/comments?post=1771"}],"version-history":[{"count":2,"href":"https:\/\/ortzadar.es\/es\/wp-json\/wp\/v2\/posts\/1771\/revisions"}],"predecessor-version":[{"id":1920,"href":"https:\/\/ortzadar.es\/es\/wp-json\/wp\/v2\/posts\/1771\/revisions\/1920"}],"wp:featuredmedia":[{"embeddable":true,"href":"https:\/\/ortzadar.es\/es\/wp-json\/wp\/v2\/media\/1766"}],"wp:attachment":[{"href":"https:\/\/ortzadar.es\/es\/wp-json\/wp\/v2\/media?parent=1771"}],"wp:term":[{"taxonomy":"category","embeddable":true,"href":"https:\/\/ortzadar.es\/es\/wp-json\/wp\/v2\/categories?post=1771"},{"taxonomy":"post_tag","embeddable":true,"href":"https:\/\/ortzadar.es\/es\/wp-json\/wp\/v2\/tags?post=1771"}],"curies":[{"name":"wp","href":"https:\/\/api.w.org\/{rel}","templated":true}]}}