


























{"id":2702,"date":"2021-03-08T08:11:24","date_gmt":"2021-03-08T07:11:24","guid":{"rendered":"http:\/\/ortzadar.es\/?p=2702"},"modified":"2021-03-08T08:11:24","modified_gmt":"2021-03-08T07:11:24","slug":"8-de-marzo-dia-internacional-de-las-mujeres-quien-cuida","status":"publish","type":"post","link":"https:\/\/ortzadar.es\/es\/8-de-marzo-dia-internacional-de-las-mujeres-quien-cuida\/","title":{"rendered":"8 DE MARZO. D\u00eda Internacional de las mujeres. \u00bfQui\u00e9n cuida?"},"content":{"rendered":"<h3>8 DE MARZO. D\u00eda Internacional de las mujeres.<\/h3>\n<h3>\u00bfQui\u00e9n cuida?<\/h3>\n<p>El lema de la campa\u00f1a del 8 de marzo\u00a0es \u00ab<em>\u00bfQui\u00e9n cuida? Hag\u00e1moslo visible. La pandemia ha visibilizado y agudizado las desigualdades. Ha puesto sobre la mesa los cuidados como elemento fundamental para la sostenibilidad de la vida y de la econom\u00eda.<\/em><\/p>\n<p><em>En Ortzadar no somos ajenos a esta situaci\u00f3n. <\/em><\/p>\n<p><em>En este tiempo ha habido que habilitar medidas, como el teletrabajo, para minimizar los riesgos de contagio y para facilitar la conciliaci\u00f3n.<\/em><\/p>\n<p><em>Somos una entidad muy feminizada por el sector en el que trabajamos. Sabemos, por diferentes an\u00e1lisis publicados recientemente, que la repercusi\u00f3n del teletrabajo es desigual para mujeres y hombres. Con el fin de mitigar efectos negativos de dicha modalidad de trabajo hemos articulado diferentes medidas. Por ejemplo, medidas para facilitar el acceso a la formaci\u00f3n continua y a los procesos de promoci\u00f3n interna a las personas que teletrabajan, instaurar una modalidad de teletrabajo mixto que garantiza que no se pierda el intercambio de conocimiento. El acogimiento al teletrabajo es voluntario siempre y cuando el puesto no requiera de presencia por las caracter\u00edsticas del mismo. <\/em><\/p>\n<p><em>Por otro lado, desarrollamos m\u00faltiples programas en los que trabajamos con poblaci\u00f3n infantil, adolescente y juvenil. Es ah\u00ed donde asumimos la responsabilidad de coeducar y transmitir modelos de corresponsabilidad a ni\u00f1as, ni\u00f1os, adolescentes y j\u00f3venes. Educar a las nuevas generaciones poniendo en valor y visibilizando los cuidados. <\/em><\/p>\n<p><em>Adem\u00e1s, valoramos especialmente el trabajo que realizamos en BaiSarea, la red de entidades colaboradoras por la igualdad. En nuestro compromiso estamos involucradas en el grupo de trabajo de cultura organizacional igualitaria y de brecha salarial, desde donde trabajamos herramientas y estrategias para reducir las desigualdades de mujeres y hombres en los entornos laborales.<\/em><\/p>\n<p><em><strong>Por todo ello, nos alineamos con la campa\u00f1a de Emakunde que dice<\/strong><\/em><em><strong>: \u201cHagamos nuestra parte<\/strong><\/em><strong>\u00bb e insta a visibilizar, valorar y repartir las tareas de cuidado entre mujeres y hombres, y entre las instituciones y la sociedad en su conjunto<\/strong><strong> \u201c<\/strong><\/p>\n","protected":false},"excerpt":{"rendered":"<p>8 DE MARZO. D\u00eda Internacional de las mujeres. \u00bfQui\u00e9n cuida? El lema de la campa\u00f1a del 8 de marzo\u00a0es \u00ab\u00bfQui\u00e9n cuida? Hag\u00e1moslo visible. La pandemia ha visibilizado y agudizado las desigualdades. Ha puesto sobre la mesa los cuidados como elemento fundamental para la sostenibilidad de [&hellip;]<\/p>\n","protected":false},"author":4,"featured_media":2703,"comment_status":"closed","ping_status":"closed","sticky":false,"template":"","format":"standard","meta":{"footnotes":""},"categories":[1],"tags":[],"class_list":["post-2702","post","type-post","status-publish","format-standard","has-post-thumbnail","hentry","category-sin-categoria"],"_links":{"self":[{"href":"https:\/\/ortzadar.es\/es\/wp-json\/wp\/v2\/posts\/2702","targetHints":{"allow":["GET"]}}],"collection":[{"href":"https:\/\/ortzadar.es\/es\/wp-json\/wp\/v2\/posts"}],"about":[{"href":"https:\/\/ortzadar.es\/es\/wp-json\/wp\/v2\/types\/post"}],"author":[{"embeddable":true,"href":"https:\/\/ortzadar.es\/es\/wp-json\/wp\/v2\/users\/4"}],"replies":[{"embeddable":true,"href":"https:\/\/ortzadar.es\/es\/wp-json\/wp\/v2\/comments?post=2702"}],"version-history":[{"count":1,"href":"https:\/\/ortzadar.es\/es\/wp-json\/wp\/v2\/posts\/2702\/revisions"}],"predecessor-version":[{"id":2704,"href":"https:\/\/ortzadar.es\/es\/wp-json\/wp\/v2\/posts\/2702\/revisions\/2704"}],"wp:featuredmedia":[{"embeddable":true,"href":"https:\/\/ortzadar.es\/es\/wp-json\/wp\/v2\/media\/2703"}],"wp:attachment":[{"href":"https:\/\/ortzadar.es\/es\/wp-json\/wp\/v2\/media?parent=2702"}],"wp:term":[{"taxonomy":"category","embeddable":true,"href":"https:\/\/ortzadar.es\/es\/wp-json\/wp\/v2\/categories?post=2702"},{"taxonomy":"post_tag","embeddable":true,"href":"https:\/\/ortzadar.es\/es\/wp-json\/wp\/v2\/tags?post=2702"}],"curies":[{"name":"wp","href":"https:\/\/api.w.org\/{rel}","templated":true}]}}