


























{"id":3834,"date":"2024-05-17T13:18:36","date_gmt":"2024-05-17T12:18:36","guid":{"rendered":"https:\/\/ortzadar.es\/?p=3834"},"modified":"2024-05-17T13:18:37","modified_gmt":"2024-05-17T12:18:37","slug":"15-de-mayo-dia-internacional-de-la-familia","status":"publish","type":"post","link":"https:\/\/ortzadar.es\/es\/15-de-mayo-dia-internacional-de-la-familia\/","title":{"rendered":"15 de Mayo. D\u00eda Internacional de la Familia."},"content":{"rendered":"<h3 style=\"text-align: center;\"><strong>15 de Mayo. D\u00eda Internacional de la Familia.<\/strong><\/h3>\n<p>Instaurado en 1993 por la ONU con el fin de remarcar el papel de la familia en la educaci\u00f3n de hijos e hijas desde la infancia y atendiendo a los diferentes modelos familiares existentes.<\/p>\n<p>Frases como <em>\u201cla familia tiene un papel determinante en la educaci\u00f3n de sus miembros\u201d,<\/em> <em>\u201cla familia es la principal instituci\u00f3n educadora\u201d, \u201cla familia act\u00faa como factor protector\u201d<\/em> suenan constantemente en nuestras propuestas.<\/p>\n<p>Lo que es cierto es que la familia nos prepara para vivir en sociedad. Es el primer entorno al que ni\u00f1os y ni\u00f1as acceden para relacionarse y aprender, motivo por el cual es fundamental que la familia pueda cubrir esta necesidad y favorecer as\u00ed un buen ajuste psicosocial cuando lleguen a ser personas adultas.<\/p>\n<p>Desde Ortzadar nos creemos a pies juntillas que es as\u00ed. Creemos firmemente en el importante papel que tienen las familias. Las familias pueden hacer que un ni\u00f1o o una ni\u00f1a se ilusione con la lectura de un libro, que tenga cubiertas sus necesidades b\u00e1sicas, que encuentre consuelo cuando no se encuentre bien, que pueda verbalizar sus preocupaciones y encontrar respuestas, que se interese por aprender y estudiar, por ocupar su tiempo libre de una manera creativa y saludable, por ser respetuosa con sus iguales y con el resto de personas, por querer estar sana y mantener h\u00e1bitos saludables\u2026..<\/p>\n<p>Y por eso la mayor\u00eda de los programas y servicios que compartimos con nuestros clientes ponen el foco en la familia o bien intentan hacer un gui\u00f1o a las mismas.<\/p>\n<p>Nos referimos por ejemplo a programas de intervenci\u00f3n socioeducativa y atenci\u00f3n psicosocial, donde la protecci\u00f3n de la infancia es el objetivo principal; a programas y acciones formativas dirigidas a una parentalidad positiva; a otros programas que pretenden impulsar la ocupaci\u00f3n del tiempo libre en familia a trav\u00e9s de equipamientos medioambientales y muse\u00edsticos; o a otras acciones donde nuestro prop\u00f3sito no es otro que dotarles de herramientas para hacer frente a diferentes fen\u00f3menos que puedan preocuparles.<\/p>\n","protected":false},"excerpt":{"rendered":"<p>15 de Mayo. D\u00eda Internacional de la Familia. Instaurado en 1993 por la ONU con el fin de remarcar el papel de la familia en la educaci\u00f3n de hijos e hijas desde la infancia y atendiendo a los diferentes modelos familiares existentes. Frases como \u201cla [&hellip;]<\/p>\n","protected":false},"author":4,"featured_media":3830,"comment_status":"closed","ping_status":"closed","sticky":false,"template":"","format":"standard","meta":{"footnotes":""},"categories":[1],"tags":[],"class_list":["post-3834","post","type-post","status-publish","format-standard","has-post-thumbnail","hentry","category-sin-categoria"],"_links":{"self":[{"href":"https:\/\/ortzadar.es\/es\/wp-json\/wp\/v2\/posts\/3834","targetHints":{"allow":["GET"]}}],"collection":[{"href":"https:\/\/ortzadar.es\/es\/wp-json\/wp\/v2\/posts"}],"about":[{"href":"https:\/\/ortzadar.es\/es\/wp-json\/wp\/v2\/types\/post"}],"author":[{"embeddable":true,"href":"https:\/\/ortzadar.es\/es\/wp-json\/wp\/v2\/users\/4"}],"replies":[{"embeddable":true,"href":"https:\/\/ortzadar.es\/es\/wp-json\/wp\/v2\/comments?post=3834"}],"version-history":[{"count":1,"href":"https:\/\/ortzadar.es\/es\/wp-json\/wp\/v2\/posts\/3834\/revisions"}],"predecessor-version":[{"id":3835,"href":"https:\/\/ortzadar.es\/es\/wp-json\/wp\/v2\/posts\/3834\/revisions\/3835"}],"wp:featuredmedia":[{"embeddable":true,"href":"https:\/\/ortzadar.es\/es\/wp-json\/wp\/v2\/media\/3830"}],"wp:attachment":[{"href":"https:\/\/ortzadar.es\/es\/wp-json\/wp\/v2\/media?parent=3834"}],"wp:term":[{"taxonomy":"category","embeddable":true,"href":"https:\/\/ortzadar.es\/es\/wp-json\/wp\/v2\/categories?post=3834"},{"taxonomy":"post_tag","embeddable":true,"href":"https:\/\/ortzadar.es\/es\/wp-json\/wp\/v2\/tags?post=3834"}],"curies":[{"name":"wp","href":"https:\/\/api.w.org\/{rel}","templated":true}]}}